{"id":7049,"date":"2022-05-01T11:59:00","date_gmt":"2022-05-01T11:59:00","guid":{"rendered":"https:\/\/parkinsonnolimits.com\/?p=7049"},"modified":"2026-04-12T14:55:56","modified_gmt":"2026-04-12T14:55:56","slug":"baila-crea-vive","status":"publish","type":"post","link":"https:\/\/parkinsonnolimits.com\/it\/baila-crea-vive\/","title":{"rendered":"\u00a1Baila, Crea, Vive!"},"content":{"rendered":"\n<figure class=\"wp-block-image size-large\"><img fetchpriority=\"high\" decoding=\"async\" width=\"1024\" height=\"576\" src=\"https:\/\/parkinsonnolimits.com\/wp-content\/uploads\/2025\/12\/baila-crea-vive-1024x576.webp\" alt=\"\" class=\"wp-image-4816\" srcset=\"https:\/\/parkinsonnolimits.com\/wp-content\/uploads\/2025\/12\/baila-crea-vive-1024x576.webp 1024w, https:\/\/parkinsonnolimits.com\/wp-content\/uploads\/2025\/12\/baila-crea-vive-300x169.webp 300w, https:\/\/parkinsonnolimits.com\/wp-content\/uploads\/2025\/12\/baila-crea-vive-768x432.webp 768w, https:\/\/parkinsonnolimits.com\/wp-content\/uploads\/2025\/12\/baila-crea-vive.webp 1200w\" sizes=\"(max-width: 1024px) 100vw, 1024px\" \/><\/figure>\n\n\n\n<p>Il 28 e il 29 aprile si sono svolti due incontri online dal titolo: <strong>Balla, Crea, Vivi!<\/strong>, ideati e diretti da <strong>Francesca De Bartolomeis<\/strong>.<\/p>\n\n\n\n<p>L\u2019obiettivo di unire persone del Sud America e della Spagna \u00e8 quello di creare una rete di comunicazione e di scambio in cui condividere esperienze, informazioni e formazione. Grazie a questo network, nessuno si sente pi\u00f9 solo o isolato: questo \u00e8 il pilastro su cui si fonda l&#8217;<strong>\u00abAlianza Iberoamericana de Parkinson\u00bb<\/strong>.<\/p>\n\n\n\n<p>L&#8217;associazione <strong>Fuerte Es La Vida Parkinson No Limits<\/strong> opera a livello mondiale dal 2019, costruendo una rete globale simile a quella dell&#8217;Alianza. Questa visione comune ha unito le due realt\u00e0, dando vita a questa collaborazione e a questi primi due incontri.<\/p>\n\n\n\n<p><strong>Francesca De Bartolomeis<\/strong>, psicomotricista specializzata in Parkinson, ha messo a disposizione la sua esperienza professionale e personale (come figlia di una persona colpita da Parkinson in giovane et\u00e0), ispirando i partecipanti a trovare, sostenere e stimolare il proprio equilibrio psicofisico attraverso la musica, l&#8217;arte e la danza.<\/p>\n\n\n\n<p>Sebbene la lingua principale degli incontri sia stata lo spagnolo, non \u00e8 stata l&#8217;unica forma di espressione utilizzata. Il <strong>linguaggio del corpo<\/strong>, i colori, la musica, la mimica facciale, l&#8217;intensit\u00e0 della voce e le emozioni sono stati i veri canali di comunicazione. All&#8217;evento hanno partecipato anche persone provenienti da <strong>Italia, Romania e Ungheria<\/strong>.<\/p>\n\n\n\n<p>In ogni incontro, Francesca De Bartolomeis ha presentato proposte divertenti che hanno coinvolto la <strong>PERSONA<\/strong> nella sua interezza, non solo come paziente o come caregiver, ma come <strong>INDIVIDUO e FAMIGLIA<\/strong>. Si \u00e8 trattato di attivit\u00e0 appassionanti, creative e stimolanti, volte a sollecitare intensamente la neuroplasticit\u00e0 e il potenziale di salute di ciascuno.<\/p>\n\n\n\n<h3 class=\"wp-block-heading\">Un ringraziamento di cuore a tutti coloro che hanno partecipato mettendosi totalmente in gioco, condividendo esperienze ed emozioni forti e personali, proprio come in una grande famiglia&#8230; <strong>GRAZIE!<\/strong><\/h3>\n","protected":false},"excerpt":{"rendered":"<p>Il 28 e il 29 aprile si sono svolti due incontri online dal titolo: Balla, Crea, Vivi!, ideati e diretti da Francesca De Bartolomeis. L\u2019obiettivo di unire persone del Sud America e della Spagna \u00e8 quello di creare una rete di comunicazione e di scambio in cui condividere esperienze, informazioni e formazione. Grazie a questo [&hellip;]<\/p>\n","protected":false},"author":1,"featured_media":7048,"comment_status":"closed","ping_status":"open","sticky":false,"template":"","format":"standard","meta":{"footnotes":""},"categories":[73],"tags":[],"class_list":["post-7049","post","type-post","status-publish","format-standard","has-post-thumbnail","hentry","category-notizia"],"yoast_head":"<!-- This site is optimized with the Yoast SEO plugin v27.4 - https:\/\/yoast.com\/product\/yoast-seo-wordpress\/ -->\n<title>\u00a1Baila, Crea, Vive! - Parkinson No Limit<\/title>\n<meta name=\"robots\" content=\"index, follow, max-snippet:-1, max-image-preview:large, max-video-preview:-1\" \/>\n<link rel=\"canonical\" href=\"https:\/\/parkinsonnolimits.com\/baila-crea-vive\/\" \/>\n<meta property=\"og:locale\" content=\"it_IT\" \/>\n<meta property=\"og:type\" content=\"article\" \/>\n<meta property=\"og:title\" content=\"\u00a1Baila, Crea, Vive! - Parkinson No Limit\" \/>\n<meta property=\"og:description\" content=\"Il 28 e il 29 aprile si sono svolti due incontri online dal titolo: Balla, Crea, Vivi!, ideati e diretti da Francesca De Bartolomeis. L\u2019obiettivo di unire persone del Sud America e della Spagna \u00e8 quello di creare una rete di comunicazione e di scambio in cui condividere esperienze, informazioni e formazione. Grazie a questo [&hellip;]\" \/>\n<meta property=\"og:url\" content=\"https:\/\/parkinsonnolimits.com\/baila-crea-vive\/\" \/>\n<meta property=\"og:site_name\" content=\"Parkinson No Limit\" \/>\n<meta property=\"article:published_time\" content=\"2022-05-01T11:59:00+00:00\" \/>\n<meta property=\"article:modified_time\" content=\"2026-04-12T14:55:56+00:00\" \/>\n<meta property=\"og:image\" content=\"https:\/\/parkinsonnolimits.com\/wp-content\/uploads\/2025\/12\/baila-crea-vive.webp\" \/>\n\t<meta property=\"og:image:width\" content=\"1200\" \/>\n\t<meta property=\"og:image:height\" content=\"675\" \/>\n\t<meta property=\"og:image:type\" content=\"image\/webp\" \/>\n<meta name=\"author\" content=\"vinti7@vinti7.com\" \/>\n<meta name=\"twitter:card\" content=\"summary_large_image\" \/>\n<meta name=\"twitter:label1\" content=\"Scritto da\" \/>\n\t<meta name=\"twitter:data1\" content=\"vinti7@vinti7.com\" \/>\n\t<meta name=\"twitter:label2\" content=\"Tempo di lettura stimato\" \/>\n\t<meta name=\"twitter:data2\" content=\"1 minuto\" \/>\n<script type=\"application\/ld+json\" class=\"yoast-schema-graph\">{\"@context\":\"https:\\\/\\\/schema.org\",\"@graph\":[{\"@type\":\"Article\",\"@id\":\"https:\\\/\\\/parkinsonnolimits.com\\\/baila-crea-vive\\\/#article\",\"isPartOf\":{\"@id\":\"https:\\\/\\\/parkinsonnolimits.com\\\/baila-crea-vive\\\/\"},\"author\":{\"name\":\"vinti7@vinti7.com\",\"@id\":\"https:\\\/\\\/parkinsonnolimits.com\\\/#\\\/schema\\\/person\\\/d49dd5fc679b2b4107a2a6cc70c92179\"},\"headline\":\"\u00a1Baila, Crea, Vive!\",\"datePublished\":\"2022-05-01T11:59:00+00:00\",\"dateModified\":\"2026-04-12T14:55:56+00:00\",\"mainEntityOfPage\":{\"@id\":\"https:\\\/\\\/parkinsonnolimits.com\\\/baila-crea-vive\\\/\"},\"wordCount\":300,\"image\":{\"@id\":\"https:\\\/\\\/parkinsonnolimits.com\\\/baila-crea-vive\\\/#primaryimage\"},\"thumbnailUrl\":\"https:\\\/\\\/parkinsonnolimits.com\\\/wp-content\\\/uploads\\\/2025\\\/12\\\/baila-crea-vive.webp\",\"articleSection\":[\"Notizia\"],\"inLanguage\":\"it-IT\"},{\"@type\":\"WebPage\",\"@id\":\"https:\\\/\\\/parkinsonnolimits.com\\\/baila-crea-vive\\\/\",\"url\":\"https:\\\/\\\/parkinsonnolimits.com\\\/baila-crea-vive\\\/\",\"name\":\"\u00a1Baila, Crea, Vive! - Parkinson No Limit\",\"isPartOf\":{\"@id\":\"https:\\\/\\\/parkinsonnolimits.com\\\/#website\"},\"primaryImageOfPage\":{\"@id\":\"https:\\\/\\\/parkinsonnolimits.com\\\/baila-crea-vive\\\/#primaryimage\"},\"image\":{\"@id\":\"https:\\\/\\\/parkinsonnolimits.com\\\/baila-crea-vive\\\/#primaryimage\"},\"thumbnailUrl\":\"https:\\\/\\\/parkinsonnolimits.com\\\/wp-content\\\/uploads\\\/2025\\\/12\\\/baila-crea-vive.webp\",\"datePublished\":\"2022-05-01T11:59:00+00:00\",\"dateModified\":\"2026-04-12T14:55:56+00:00\",\"author\":{\"@id\":\"https:\\\/\\\/parkinsonnolimits.com\\\/#\\\/schema\\\/person\\\/d49dd5fc679b2b4107a2a6cc70c92179\"},\"breadcrumb\":{\"@id\":\"https:\\\/\\\/parkinsonnolimits.com\\\/baila-crea-vive\\\/#breadcrumb\"},\"inLanguage\":\"it-IT\",\"potentialAction\":[{\"@type\":\"ReadAction\",\"target\":[\"https:\\\/\\\/parkinsonnolimits.com\\\/baila-crea-vive\\\/\"]}]},{\"@type\":\"ImageObject\",\"inLanguage\":\"it-IT\",\"@id\":\"https:\\\/\\\/parkinsonnolimits.com\\\/baila-crea-vive\\\/#primaryimage\",\"url\":\"https:\\\/\\\/parkinsonnolimits.com\\\/wp-content\\\/uploads\\\/2025\\\/12\\\/baila-crea-vive.webp\",\"contentUrl\":\"https:\\\/\\\/parkinsonnolimits.com\\\/wp-content\\\/uploads\\\/2025\\\/12\\\/baila-crea-vive.webp\",\"width\":1200,\"height\":675},{\"@type\":\"BreadcrumbList\",\"@id\":\"https:\\\/\\\/parkinsonnolimits.com\\\/baila-crea-vive\\\/#breadcrumb\",\"itemListElement\":[{\"@type\":\"ListItem\",\"position\":1,\"name\":\"Portada\",\"item\":\"https:\\\/\\\/parkinsonnolimits.com\\\/it\\\/\"},{\"@type\":\"ListItem\",\"position\":2,\"name\":\"\u00a1Baila, Crea, Vive!\"}]},{\"@type\":\"WebSite\",\"@id\":\"https:\\\/\\\/parkinsonnolimits.com\\\/#website\",\"url\":\"https:\\\/\\\/parkinsonnolimits.com\\\/\",\"name\":\"Parkinson No Limit\",\"description\":\"\",\"potentialAction\":[{\"@type\":\"SearchAction\",\"target\":{\"@type\":\"EntryPoint\",\"urlTemplate\":\"https:\\\/\\\/parkinsonnolimits.com\\\/?s={search_term_string}\"},\"query-input\":{\"@type\":\"PropertyValueSpecification\",\"valueRequired\":true,\"valueName\":\"search_term_string\"}}],\"inLanguage\":\"it-IT\"},{\"@type\":\"Person\",\"@id\":\"https:\\\/\\\/parkinsonnolimits.com\\\/#\\\/schema\\\/person\\\/d49dd5fc679b2b4107a2a6cc70c92179\",\"name\":\"vinti7@vinti7.com\",\"sameAs\":[\"https:\\\/\\\/parkinsonnolimits.com\"],\"url\":\"https:\\\/\\\/parkinsonnolimits.com\\\/it\\\/author\\\/vinti7vinti7-com\\\/\"}]}<\/script>\n<!-- \/ Yoast SEO plugin. -->","yoast_head_json":{"title":"\u00a1Baila, Crea, Vive! - Parkinson No Limit","robots":{"index":"index","follow":"follow","max-snippet":"max-snippet:-1","max-image-preview":"max-image-preview:large","max-video-preview":"max-video-preview:-1"},"canonical":"https:\/\/parkinsonnolimits.com\/baila-crea-vive\/","og_locale":"it_IT","og_type":"article","og_title":"\u00a1Baila, Crea, Vive! - Parkinson No Limit","og_description":"Il 28 e il 29 aprile si sono svolti due incontri online dal titolo: Balla, Crea, Vivi!, ideati e diretti da Francesca De Bartolomeis. L\u2019obiettivo di unire persone del Sud America e della Spagna \u00e8 quello di creare una rete di comunicazione e di scambio in cui condividere esperienze, informazioni e formazione. Grazie a questo [&hellip;]","og_url":"https:\/\/parkinsonnolimits.com\/baila-crea-vive\/","og_site_name":"Parkinson No Limit","article_published_time":"2022-05-01T11:59:00+00:00","article_modified_time":"2026-04-12T14:55:56+00:00","og_image":[{"width":1200,"height":675,"url":"https:\/\/parkinsonnolimits.com\/wp-content\/uploads\/2025\/12\/baila-crea-vive.webp","type":"image\/webp"}],"author":"vinti7@vinti7.com","twitter_card":"summary_large_image","twitter_misc":{"Scritto da":"vinti7@vinti7.com","Tempo di lettura stimato":"1 minuto"},"schema":{"@context":"https:\/\/schema.org","@graph":[{"@type":"Article","@id":"https:\/\/parkinsonnolimits.com\/baila-crea-vive\/#article","isPartOf":{"@id":"https:\/\/parkinsonnolimits.com\/baila-crea-vive\/"},"author":{"name":"vinti7@vinti7.com","@id":"https:\/\/parkinsonnolimits.com\/#\/schema\/person\/d49dd5fc679b2b4107a2a6cc70c92179"},"headline":"\u00a1Baila, Crea, Vive!","datePublished":"2022-05-01T11:59:00+00:00","dateModified":"2026-04-12T14:55:56+00:00","mainEntityOfPage":{"@id":"https:\/\/parkinsonnolimits.com\/baila-crea-vive\/"},"wordCount":300,"image":{"@id":"https:\/\/parkinsonnolimits.com\/baila-crea-vive\/#primaryimage"},"thumbnailUrl":"https:\/\/parkinsonnolimits.com\/wp-content\/uploads\/2025\/12\/baila-crea-vive.webp","articleSection":["Notizia"],"inLanguage":"it-IT"},{"@type":"WebPage","@id":"https:\/\/parkinsonnolimits.com\/baila-crea-vive\/","url":"https:\/\/parkinsonnolimits.com\/baila-crea-vive\/","name":"\u00a1Baila, Crea, Vive! - Parkinson No Limit","isPartOf":{"@id":"https:\/\/parkinsonnolimits.com\/#website"},"primaryImageOfPage":{"@id":"https:\/\/parkinsonnolimits.com\/baila-crea-vive\/#primaryimage"},"image":{"@id":"https:\/\/parkinsonnolimits.com\/baila-crea-vive\/#primaryimage"},"thumbnailUrl":"https:\/\/parkinsonnolimits.com\/wp-content\/uploads\/2025\/12\/baila-crea-vive.webp","datePublished":"2022-05-01T11:59:00+00:00","dateModified":"2026-04-12T14:55:56+00:00","author":{"@id":"https:\/\/parkinsonnolimits.com\/#\/schema\/person\/d49dd5fc679b2b4107a2a6cc70c92179"},"breadcrumb":{"@id":"https:\/\/parkinsonnolimits.com\/baila-crea-vive\/#breadcrumb"},"inLanguage":"it-IT","potentialAction":[{"@type":"ReadAction","target":["https:\/\/parkinsonnolimits.com\/baila-crea-vive\/"]}]},{"@type":"ImageObject","inLanguage":"it-IT","@id":"https:\/\/parkinsonnolimits.com\/baila-crea-vive\/#primaryimage","url":"https:\/\/parkinsonnolimits.com\/wp-content\/uploads\/2025\/12\/baila-crea-vive.webp","contentUrl":"https:\/\/parkinsonnolimits.com\/wp-content\/uploads\/2025\/12\/baila-crea-vive.webp","width":1200,"height":675},{"@type":"BreadcrumbList","@id":"https:\/\/parkinsonnolimits.com\/baila-crea-vive\/#breadcrumb","itemListElement":[{"@type":"ListItem","position":1,"name":"Portada","item":"https:\/\/parkinsonnolimits.com\/it\/"},{"@type":"ListItem","position":2,"name":"\u00a1Baila, Crea, Vive!"}]},{"@type":"WebSite","@id":"https:\/\/parkinsonnolimits.com\/#website","url":"https:\/\/parkinsonnolimits.com\/","name":"Parkinson No Limit","description":"","potentialAction":[{"@type":"SearchAction","target":{"@type":"EntryPoint","urlTemplate":"https:\/\/parkinsonnolimits.com\/?s={search_term_string}"},"query-input":{"@type":"PropertyValueSpecification","valueRequired":true,"valueName":"search_term_string"}}],"inLanguage":"it-IT"},{"@type":"Person","@id":"https:\/\/parkinsonnolimits.com\/#\/schema\/person\/d49dd5fc679b2b4107a2a6cc70c92179","name":"vinti7@vinti7.com","sameAs":["https:\/\/parkinsonnolimits.com"],"url":"https:\/\/parkinsonnolimits.com\/it\/author\/vinti7vinti7-com\/"}]}},"_links":{"self":[{"href":"https:\/\/parkinsonnolimits.com\/it\/wp-json\/wp\/v2\/posts\/7049","targetHints":{"allow":["GET"]}}],"collection":[{"href":"https:\/\/parkinsonnolimits.com\/it\/wp-json\/wp\/v2\/posts"}],"about":[{"href":"https:\/\/parkinsonnolimits.com\/it\/wp-json\/wp\/v2\/types\/post"}],"author":[{"embeddable":true,"href":"https:\/\/parkinsonnolimits.com\/it\/wp-json\/wp\/v2\/users\/1"}],"replies":[{"embeddable":true,"href":"https:\/\/parkinsonnolimits.com\/it\/wp-json\/wp\/v2\/comments?post=7049"}],"version-history":[{"count":1,"href":"https:\/\/parkinsonnolimits.com\/it\/wp-json\/wp\/v2\/posts\/7049\/revisions"}],"predecessor-version":[{"id":7050,"href":"https:\/\/parkinsonnolimits.com\/it\/wp-json\/wp\/v2\/posts\/7049\/revisions\/7050"}],"wp:featuredmedia":[{"embeddable":true,"href":"https:\/\/parkinsonnolimits.com\/it\/wp-json\/wp\/v2\/media\/7048"}],"wp:attachment":[{"href":"https:\/\/parkinsonnolimits.com\/it\/wp-json\/wp\/v2\/media?parent=7049"}],"wp:term":[{"taxonomy":"category","embeddable":true,"href":"https:\/\/parkinsonnolimits.com\/it\/wp-json\/wp\/v2\/categories?post=7049"},{"taxonomy":"post_tag","embeddable":true,"href":"https:\/\/parkinsonnolimits.com\/it\/wp-json\/wp\/v2\/tags?post=7049"}],"curies":[{"name":"wp","href":"https:\/\/api.w.org\/{rel}","templated":true}]}}