{"id":6813,"date":"2026-05-01T10:42:40","date_gmt":"2026-05-01T10:42:40","guid":{"rendered":"https:\/\/parkinsonnolimits.com\/?p=6813"},"modified":"2026-04-16T15:16:08","modified_gmt":"2026-04-16T15:16:08","slug":"wpc-2026-en-phoenix-marca-la-fecha-parkinson-no-limits-vuela-a-arizona-%f0%9f%8c%b5","status":"publish","type":"post","link":"https:\/\/parkinsonnolimits.com\/it\/wpc-2026-en-phoenix-marca-la-fecha-parkinson-no-limits-vuela-a-arizona-%f0%9f%8c%b5\/","title":{"rendered":"WPC 2026 a Phoenix: Segna la data! Parkinson No Limits vola in Arizona \ud83c\udf35"},"content":{"rendered":"\n<p>Ci siamo! Dopo le straordinarie emozioni vissute insieme a Barcellona, il <strong>World Parkinson Congress (WPC)<\/strong> torna in Nord America. Dal <strong>24 al 27 maggio 2026<\/strong>, il magnifico Phoenix Convention Center in Arizona ospiter\u00e0 la 7\u00aa edizione del congresso mondiale dedicato al Parkinson (visita il sito ufficiale dell&#8217;evento: wpc2026.org).<\/p>\n\n\n\n<p>Noi di <strong>FuerteVida<\/strong> <strong>Parkinson No Limits<\/strong> siamo gi\u00e0 pronti a fare le valigie, e quest&#8217;anno ci presentiamo con un bagaglio di novit\u00e0 pi\u00f9 ricco che mai per promuovere la <strong>riabilitazione olistica<\/strong> e la <strong>neuroplasticit\u00e0<\/strong>.<\/p>\n\n\n\n<h2 class=\"wp-block-heading\">Venite a trovarci: Stand 424! \ud83d\udccd<\/h2>\n\n\n\n<p>Abbiamo scelto una posizione strategica per non perdere nessuno di voi. Ci troverete allo <strong>stand numero 424<\/strong>, letteralmente di fronte al WPC Booth ufficiale. In breve, saremo al centro esatto dell&#8217;azione. \u00c8 praticamente impossibile non vederci! \ud83d\ude1b<\/p>\n\n\n\n<p>Passate a salutarci, a prendere fiato tra una conferenza e l&#8217;altra e, soprattutto, a scoprire a cosa abbiamo lavorato instancabilmente nell&#8217;ultimo periodo per migliorare il <strong>benessere psicofisico<\/strong> di pazienti e <strong>caregiver<\/strong>.<\/p>\n\n\n\n<h2 class=\"wp-block-heading\">Cosa porteremo a Phoenix? Oltre i limiti della cura \ud83d\ude80<\/h2>\n\n\n\n<p>Il nostro approccio \u00e8 sempre stato chiaro: affrontare il Parkinson a 360 gradi, andando oltre la visione clinica tradizionale. Quest&#8217;anno, nel nostro stand, troverete un vero centro di innovazione. Ecco un&#8217;anteprima di ci\u00f2 che presenteremo in esclusiva:<\/p>\n\n\n\n<ul class=\"wp-block-list\">\n<li>\ud83d\udd2c <strong>Presentazione di 6 Abstract (3 scientifici e 3 sociali):<\/strong> Quest&#8217;anno rafforziamo la nostra presenza accademica con la presentazione di 6 abstract. Divisi equamente tra 3 studi scientifici e 3 sociali, questi lavori dimostrano che il benessere di una persona non si misura solo in laboratorio. Condivideremo risultati che pongono un forte accento sull&#8217;impatto sociale della malattia, esplorando come l&#8217;integrazione e il supporto comunitario siano pezzi fondamentali per rallentare il corso del Parkinson.<\/li>\n\n\n\n<li>\ud83e\udde0 <strong>Protocolli innovativi:<\/strong> Presenteremo linee guida e modelli di intervento inediti sviluppati dal nostro team. Si tratta di protocolli progettati per rimettere la persona \u2013 e non solo il paziente \u2013 al centro del proprio percorso di riabilitazione e di vita.<\/li>\n\n\n\n<li>\ud83c\udfc3\u200d\u2642\ufe0f <strong>Attivit\u00e0 terapeutiche non farmacologiche di avanguardia:<\/strong> Il cuore pulsante della filosofia &#8220;No Limits&#8221;. Mostreremo dati, successi e applicazioni pratiche delle nostre <strong>terapie complementari<\/strong>. Dallo sport adattato alle discipline motorie, passando per strategie olistiche e di movimento consapevole che accompagnano la medicina tradizionale per massimizzare l&#8217;autonomia e la <strong>qualit\u00e0 della vita<\/strong>.<\/li>\n<\/ul>\n\n\n\n<h2 class=\"wp-block-heading\">Pi\u00f9 che un congresso, una grande famiglia \ud83c\udf0d<\/h2>\n\n\n\n<p>Il WPC \u00e8 un evento unico al mondo perch\u00e9 rompe le barriere: riunisce sotto lo stesso tetto neurologi, scienziati, terapisti, persone con Parkinson e caregiver. Il nostro stand 424 vuole essere esattamente questo: un punto di incontro, una piazza aperta dove scambiare idee, trovare ispirazione e costruire nuove connessioni.<\/p>\n\n\n\n<p>Per tutte le informazioni sul programma generale del congresso, la logistica e le iscrizioni, vi invitiamo a consultare il sito ufficiale: <strong>wpc2026.org<\/strong>. Non vediamo l&#8217;ora di abbracciarvi tutti sotto il caldo sole dell&#8217;Arizona!<\/p>\n\n\n\n<p>Ci vediamo a Phoenix!<\/p>\n\n\n\n<p><strong>Se vuoi sperimentare i benefici della nostra riabilitazione in un ambiente protetto, scopri la nostra <a href=\"https:\/\/parkinsonnolimits.com\/it\/vacanza-terapeutica-parkinson\/\" type=\"page\" id=\"7280\">Vacanza Terapeutica a Fuerteventura<\/a><\/strong><\/p>\n\n\n\n<figure class=\"wp-block-image aligncenter size-large is-resized\"><img fetchpriority=\"high\" decoding=\"async\" width=\"2560\" height=\"2209\" src=\"https:\/\/parkinsonnolimits.com\/wp-content\/uploads\/2026\/04\/logo_2_1-scaled.png\" alt=\"\" class=\"wp-image-6809\" style=\"aspect-ratio:1.1588429677244128;width:310px;height:auto\" srcset=\"https:\/\/parkinsonnolimits.com\/wp-content\/uploads\/2026\/04\/logo_2_1-scaled.png 2560w, https:\/\/parkinsonnolimits.com\/wp-content\/uploads\/2026\/04\/logo_2_1-300x259.png 300w, https:\/\/parkinsonnolimits.com\/wp-content\/uploads\/2026\/04\/logo_2_1-1024x884.png 1024w, https:\/\/parkinsonnolimits.com\/wp-content\/uploads\/2026\/04\/logo_2_1-768x663.png 768w, https:\/\/parkinsonnolimits.com\/wp-content\/uploads\/2026\/04\/logo_2_1-1536x1325.png 1536w, https:\/\/parkinsonnolimits.com\/wp-content\/uploads\/2026\/04\/logo_2_1-2048x1767.png 2048w\" sizes=\"(max-width: 2560px) 100vw, 2560px\" \/><\/figure>\n\n\n\n<p><\/p>\n","protected":false},"excerpt":{"rendered":"<p>Ci siamo! Dopo le straordinarie emozioni vissute insieme a Barcellona, il World Parkinson Congress (WPC) torna in Nord America. Dal 24 al 27 maggio 2026, il magnifico Phoenix Convention Center in Arizona ospiter\u00e0 la 7\u00aa edizione del congresso mondiale dedicato al Parkinson (visita il sito ufficiale dell&#8217;evento: wpc2026.org). Noi di FuerteVida Parkinson No Limits siamo [&hellip;]<\/p>\n","protected":false},"author":1,"featured_media":6814,"comment_status":"closed","ping_status":"open","sticky":false,"template":"","format":"standard","meta":{"footnotes":""},"categories":[73],"tags":[],"class_list":["post-6813","post","type-post","status-publish","format-standard","has-post-thumbnail","hentry","category-notizia"],"yoast_head":"<!-- This site is optimized with the Yoast SEO plugin v27.4 - https:\/\/yoast.com\/product\/yoast-seo-wordpress\/ -->\n<title>WPC 2026 a Phoenix: Segna la data! Parkinson No Limits vola in Arizona \ud83c\udf35 - Parkinson No Limit<\/title>\n<meta name=\"robots\" content=\"index, follow, max-snippet:-1, max-image-preview:large, max-video-preview:-1\" \/>\n<link rel=\"canonical\" href=\"https:\/\/parkinsonnolimits.com\/wpc-2026-en-phoenix-marca-la-fecha-parkinson-no-limits-vuela-a-arizona-\ud83c\udf35\/\" \/>\n<meta property=\"og:locale\" content=\"it_IT\" \/>\n<meta property=\"og:type\" content=\"article\" \/>\n<meta property=\"og:title\" content=\"WPC 2026 a Phoenix: Segna la data! Parkinson No Limits vola in Arizona \ud83c\udf35 - Parkinson No Limit\" \/>\n<meta property=\"og:description\" content=\"Ci siamo! Dopo le straordinarie emozioni vissute insieme a Barcellona, il World Parkinson Congress (WPC) torna in Nord America. Dal 24 al 27 maggio 2026, il magnifico Phoenix Convention Center in Arizona ospiter\u00e0 la 7\u00aa edizione del congresso mondiale dedicato al Parkinson (visita il sito ufficiale dell&#8217;evento: wpc2026.org). Noi di FuerteVida Parkinson No Limits siamo [&hellip;]\" \/>\n<meta property=\"og:url\" content=\"https:\/\/parkinsonnolimits.com\/wpc-2026-en-phoenix-marca-la-fecha-parkinson-no-limits-vuela-a-arizona-\ud83c\udf35\/\" \/>\n<meta property=\"og:site_name\" content=\"Parkinson No Limit\" \/>\n<meta property=\"article:published_time\" content=\"2026-05-01T10:42:40+00:00\" \/>\n<meta property=\"og:image\" content=\"https:\/\/parkinsonnolimits.com\/wp-content\/uploads\/2026\/04\/wpc2026-phoenix.jpg\" \/>\n\t<meta property=\"og:image:width\" content=\"1600\" \/>\n\t<meta property=\"og:image:height\" content=\"900\" \/>\n\t<meta property=\"og:image:type\" content=\"image\/jpeg\" \/>\n<meta name=\"author\" content=\"vinti7@vinti7.com\" \/>\n<meta name=\"twitter:card\" content=\"summary_large_image\" \/>\n<meta name=\"twitter:label1\" content=\"Scritto da\" \/>\n\t<meta name=\"twitter:data1\" content=\"vinti7@vinti7.com\" \/>\n\t<meta name=\"twitter:label2\" content=\"Tempo di lettura stimato\" \/>\n\t<meta name=\"twitter:data2\" content=\"3 minuti\" \/>\n<script type=\"application\/ld+json\" class=\"yoast-schema-graph\">{\"@context\":\"https:\\\/\\\/schema.org\",\"@graph\":[{\"@type\":\"Article\",\"@id\":\"https:\\\/\\\/parkinsonnolimits.com\\\/wpc-2026-en-phoenix-marca-la-fecha-parkinson-no-limits-vuela-a-arizona-%f0%9f%8c%b5\\\/#article\",\"isPartOf\":{\"@id\":\"https:\\\/\\\/parkinsonnolimits.com\\\/wpc-2026-en-phoenix-marca-la-fecha-parkinson-no-limits-vuela-a-arizona-%f0%9f%8c%b5\\\/\"},\"author\":{\"name\":\"vinti7@vinti7.com\",\"@id\":\"https:\\\/\\\/parkinsonnolimits.com\\\/#\\\/schema\\\/person\\\/d49dd5fc679b2b4107a2a6cc70c92179\"},\"headline\":\"WPC 2026 a Phoenix: Segna la data! Parkinson No Limits vola in Arizona \ud83c\udf35\",\"datePublished\":\"2026-05-01T10:42:40+00:00\",\"mainEntityOfPage\":{\"@id\":\"https:\\\/\\\/parkinsonnolimits.com\\\/wpc-2026-en-phoenix-marca-la-fecha-parkinson-no-limits-vuela-a-arizona-%f0%9f%8c%b5\\\/\"},\"wordCount\":483,\"image\":{\"@id\":\"https:\\\/\\\/parkinsonnolimits.com\\\/wpc-2026-en-phoenix-marca-la-fecha-parkinson-no-limits-vuela-a-arizona-%f0%9f%8c%b5\\\/#primaryimage\"},\"thumbnailUrl\":\"https:\\\/\\\/parkinsonnolimits.com\\\/wp-content\\\/uploads\\\/2026\\\/04\\\/wpc2026-phoenix.jpg\",\"articleSection\":[\"Notizia\"],\"inLanguage\":\"it-IT\"},{\"@type\":\"WebPage\",\"@id\":\"https:\\\/\\\/parkinsonnolimits.com\\\/wpc-2026-en-phoenix-marca-la-fecha-parkinson-no-limits-vuela-a-arizona-%f0%9f%8c%b5\\\/\",\"url\":\"https:\\\/\\\/parkinsonnolimits.com\\\/wpc-2026-en-phoenix-marca-la-fecha-parkinson-no-limits-vuela-a-arizona-%f0%9f%8c%b5\\\/\",\"name\":\"WPC 2026 a Phoenix: Segna la data! Parkinson No Limits vola in Arizona \ud83c\udf35 - Parkinson No Limit\",\"isPartOf\":{\"@id\":\"https:\\\/\\\/parkinsonnolimits.com\\\/#website\"},\"primaryImageOfPage\":{\"@id\":\"https:\\\/\\\/parkinsonnolimits.com\\\/wpc-2026-en-phoenix-marca-la-fecha-parkinson-no-limits-vuela-a-arizona-%f0%9f%8c%b5\\\/#primaryimage\"},\"image\":{\"@id\":\"https:\\\/\\\/parkinsonnolimits.com\\\/wpc-2026-en-phoenix-marca-la-fecha-parkinson-no-limits-vuela-a-arizona-%f0%9f%8c%b5\\\/#primaryimage\"},\"thumbnailUrl\":\"https:\\\/\\\/parkinsonnolimits.com\\\/wp-content\\\/uploads\\\/2026\\\/04\\\/wpc2026-phoenix.jpg\",\"datePublished\":\"2026-05-01T10:42:40+00:00\",\"author\":{\"@id\":\"https:\\\/\\\/parkinsonnolimits.com\\\/#\\\/schema\\\/person\\\/d49dd5fc679b2b4107a2a6cc70c92179\"},\"breadcrumb\":{\"@id\":\"https:\\\/\\\/parkinsonnolimits.com\\\/wpc-2026-en-phoenix-marca-la-fecha-parkinson-no-limits-vuela-a-arizona-%f0%9f%8c%b5\\\/#breadcrumb\"},\"inLanguage\":\"it-IT\",\"potentialAction\":[{\"@type\":\"ReadAction\",\"target\":[\"https:\\\/\\\/parkinsonnolimits.com\\\/wpc-2026-en-phoenix-marca-la-fecha-parkinson-no-limits-vuela-a-arizona-%f0%9f%8c%b5\\\/\"]}]},{\"@type\":\"ImageObject\",\"inLanguage\":\"it-IT\",\"@id\":\"https:\\\/\\\/parkinsonnolimits.com\\\/wpc-2026-en-phoenix-marca-la-fecha-parkinson-no-limits-vuela-a-arizona-%f0%9f%8c%b5\\\/#primaryimage\",\"url\":\"https:\\\/\\\/parkinsonnolimits.com\\\/wp-content\\\/uploads\\\/2026\\\/04\\\/wpc2026-phoenix.jpg\",\"contentUrl\":\"https:\\\/\\\/parkinsonnolimits.com\\\/wp-content\\\/uploads\\\/2026\\\/04\\\/wpc2026-phoenix.jpg\",\"width\":1600,\"height\":900},{\"@type\":\"BreadcrumbList\",\"@id\":\"https:\\\/\\\/parkinsonnolimits.com\\\/wpc-2026-en-phoenix-marca-la-fecha-parkinson-no-limits-vuela-a-arizona-%f0%9f%8c%b5\\\/#breadcrumb\",\"itemListElement\":[{\"@type\":\"ListItem\",\"position\":1,\"name\":\"Portada\",\"item\":\"https:\\\/\\\/parkinsonnolimits.com\\\/it\\\/\"},{\"@type\":\"ListItem\",\"position\":2,\"name\":\"WPC 2026 a Phoenix: Segna la data! Parkinson No Limits vola in Arizona \ud83c\udf35\"}]},{\"@type\":\"WebSite\",\"@id\":\"https:\\\/\\\/parkinsonnolimits.com\\\/#website\",\"url\":\"https:\\\/\\\/parkinsonnolimits.com\\\/\",\"name\":\"Parkinson No Limit\",\"description\":\"\",\"potentialAction\":[{\"@type\":\"SearchAction\",\"target\":{\"@type\":\"EntryPoint\",\"urlTemplate\":\"https:\\\/\\\/parkinsonnolimits.com\\\/?s={search_term_string}\"},\"query-input\":{\"@type\":\"PropertyValueSpecification\",\"valueRequired\":true,\"valueName\":\"search_term_string\"}}],\"inLanguage\":\"it-IT\"},{\"@type\":\"Person\",\"@id\":\"https:\\\/\\\/parkinsonnolimits.com\\\/#\\\/schema\\\/person\\\/d49dd5fc679b2b4107a2a6cc70c92179\",\"name\":\"vinti7@vinti7.com\",\"sameAs\":[\"https:\\\/\\\/parkinsonnolimits.com\"],\"url\":\"https:\\\/\\\/parkinsonnolimits.com\\\/it\\\/author\\\/vinti7vinti7-com\\\/\"}]}<\/script>\n<!-- \/ Yoast SEO plugin. -->","yoast_head_json":{"title":"WPC 2026 a Phoenix: Segna la data! Parkinson No Limits vola in Arizona \ud83c\udf35 - Parkinson No Limit","robots":{"index":"index","follow":"follow","max-snippet":"max-snippet:-1","max-image-preview":"max-image-preview:large","max-video-preview":"max-video-preview:-1"},"canonical":"https:\/\/parkinsonnolimits.com\/wpc-2026-en-phoenix-marca-la-fecha-parkinson-no-limits-vuela-a-arizona-\ud83c\udf35\/","og_locale":"it_IT","og_type":"article","og_title":"WPC 2026 a Phoenix: Segna la data! Parkinson No Limits vola in Arizona \ud83c\udf35 - Parkinson No Limit","og_description":"Ci siamo! Dopo le straordinarie emozioni vissute insieme a Barcellona, il World Parkinson Congress (WPC) torna in Nord America. Dal 24 al 27 maggio 2026, il magnifico Phoenix Convention Center in Arizona ospiter\u00e0 la 7\u00aa edizione del congresso mondiale dedicato al Parkinson (visita il sito ufficiale dell&#8217;evento: wpc2026.org). Noi di FuerteVida Parkinson No Limits siamo [&hellip;]","og_url":"https:\/\/parkinsonnolimits.com\/wpc-2026-en-phoenix-marca-la-fecha-parkinson-no-limits-vuela-a-arizona-\ud83c\udf35\/","og_site_name":"Parkinson No Limit","article_published_time":"2026-05-01T10:42:40+00:00","og_image":[{"width":1600,"height":900,"url":"https:\/\/parkinsonnolimits.com\/wp-content\/uploads\/2026\/04\/wpc2026-phoenix.jpg","type":"image\/jpeg"}],"author":"vinti7@vinti7.com","twitter_card":"summary_large_image","twitter_misc":{"Scritto da":"vinti7@vinti7.com","Tempo di lettura stimato":"3 minuti"},"schema":{"@context":"https:\/\/schema.org","@graph":[{"@type":"Article","@id":"https:\/\/parkinsonnolimits.com\/wpc-2026-en-phoenix-marca-la-fecha-parkinson-no-limits-vuela-a-arizona-%f0%9f%8c%b5\/#article","isPartOf":{"@id":"https:\/\/parkinsonnolimits.com\/wpc-2026-en-phoenix-marca-la-fecha-parkinson-no-limits-vuela-a-arizona-%f0%9f%8c%b5\/"},"author":{"name":"vinti7@vinti7.com","@id":"https:\/\/parkinsonnolimits.com\/#\/schema\/person\/d49dd5fc679b2b4107a2a6cc70c92179"},"headline":"WPC 2026 a Phoenix: Segna la data! Parkinson No Limits vola in Arizona \ud83c\udf35","datePublished":"2026-05-01T10:42:40+00:00","mainEntityOfPage":{"@id":"https:\/\/parkinsonnolimits.com\/wpc-2026-en-phoenix-marca-la-fecha-parkinson-no-limits-vuela-a-arizona-%f0%9f%8c%b5\/"},"wordCount":483,"image":{"@id":"https:\/\/parkinsonnolimits.com\/wpc-2026-en-phoenix-marca-la-fecha-parkinson-no-limits-vuela-a-arizona-%f0%9f%8c%b5\/#primaryimage"},"thumbnailUrl":"https:\/\/parkinsonnolimits.com\/wp-content\/uploads\/2026\/04\/wpc2026-phoenix.jpg","articleSection":["Notizia"],"inLanguage":"it-IT"},{"@type":"WebPage","@id":"https:\/\/parkinsonnolimits.com\/wpc-2026-en-phoenix-marca-la-fecha-parkinson-no-limits-vuela-a-arizona-%f0%9f%8c%b5\/","url":"https:\/\/parkinsonnolimits.com\/wpc-2026-en-phoenix-marca-la-fecha-parkinson-no-limits-vuela-a-arizona-%f0%9f%8c%b5\/","name":"WPC 2026 a Phoenix: Segna la data! Parkinson No Limits vola in Arizona \ud83c\udf35 - Parkinson No Limit","isPartOf":{"@id":"https:\/\/parkinsonnolimits.com\/#website"},"primaryImageOfPage":{"@id":"https:\/\/parkinsonnolimits.com\/wpc-2026-en-phoenix-marca-la-fecha-parkinson-no-limits-vuela-a-arizona-%f0%9f%8c%b5\/#primaryimage"},"image":{"@id":"https:\/\/parkinsonnolimits.com\/wpc-2026-en-phoenix-marca-la-fecha-parkinson-no-limits-vuela-a-arizona-%f0%9f%8c%b5\/#primaryimage"},"thumbnailUrl":"https:\/\/parkinsonnolimits.com\/wp-content\/uploads\/2026\/04\/wpc2026-phoenix.jpg","datePublished":"2026-05-01T10:42:40+00:00","author":{"@id":"https:\/\/parkinsonnolimits.com\/#\/schema\/person\/d49dd5fc679b2b4107a2a6cc70c92179"},"breadcrumb":{"@id":"https:\/\/parkinsonnolimits.com\/wpc-2026-en-phoenix-marca-la-fecha-parkinson-no-limits-vuela-a-arizona-%f0%9f%8c%b5\/#breadcrumb"},"inLanguage":"it-IT","potentialAction":[{"@type":"ReadAction","target":["https:\/\/parkinsonnolimits.com\/wpc-2026-en-phoenix-marca-la-fecha-parkinson-no-limits-vuela-a-arizona-%f0%9f%8c%b5\/"]}]},{"@type":"ImageObject","inLanguage":"it-IT","@id":"https:\/\/parkinsonnolimits.com\/wpc-2026-en-phoenix-marca-la-fecha-parkinson-no-limits-vuela-a-arizona-%f0%9f%8c%b5\/#primaryimage","url":"https:\/\/parkinsonnolimits.com\/wp-content\/uploads\/2026\/04\/wpc2026-phoenix.jpg","contentUrl":"https:\/\/parkinsonnolimits.com\/wp-content\/uploads\/2026\/04\/wpc2026-phoenix.jpg","width":1600,"height":900},{"@type":"BreadcrumbList","@id":"https:\/\/parkinsonnolimits.com\/wpc-2026-en-phoenix-marca-la-fecha-parkinson-no-limits-vuela-a-arizona-%f0%9f%8c%b5\/#breadcrumb","itemListElement":[{"@type":"ListItem","position":1,"name":"Portada","item":"https:\/\/parkinsonnolimits.com\/it\/"},{"@type":"ListItem","position":2,"name":"WPC 2026 a Phoenix: Segna la data! Parkinson No Limits vola in Arizona \ud83c\udf35"}]},{"@type":"WebSite","@id":"https:\/\/parkinsonnolimits.com\/#website","url":"https:\/\/parkinsonnolimits.com\/","name":"Parkinson No Limit","description":"","potentialAction":[{"@type":"SearchAction","target":{"@type":"EntryPoint","urlTemplate":"https:\/\/parkinsonnolimits.com\/?s={search_term_string}"},"query-input":{"@type":"PropertyValueSpecification","valueRequired":true,"valueName":"search_term_string"}}],"inLanguage":"it-IT"},{"@type":"Person","@id":"https:\/\/parkinsonnolimits.com\/#\/schema\/person\/d49dd5fc679b2b4107a2a6cc70c92179","name":"vinti7@vinti7.com","sameAs":["https:\/\/parkinsonnolimits.com"],"url":"https:\/\/parkinsonnolimits.com\/it\/author\/vinti7vinti7-com\/"}]}},"_links":{"self":[{"href":"https:\/\/parkinsonnolimits.com\/it\/wp-json\/wp\/v2\/posts\/6813","targetHints":{"allow":["GET"]}}],"collection":[{"href":"https:\/\/parkinsonnolimits.com\/it\/wp-json\/wp\/v2\/posts"}],"about":[{"href":"https:\/\/parkinsonnolimits.com\/it\/wp-json\/wp\/v2\/types\/post"}],"author":[{"embeddable":true,"href":"https:\/\/parkinsonnolimits.com\/it\/wp-json\/wp\/v2\/users\/1"}],"replies":[{"embeddable":true,"href":"https:\/\/parkinsonnolimits.com\/it\/wp-json\/wp\/v2\/comments?post=6813"}],"version-history":[{"count":6,"href":"https:\/\/parkinsonnolimits.com\/it\/wp-json\/wp\/v2\/posts\/6813\/revisions"}],"predecessor-version":[{"id":7442,"href":"https:\/\/parkinsonnolimits.com\/it\/wp-json\/wp\/v2\/posts\/6813\/revisions\/7442"}],"wp:featuredmedia":[{"embeddable":true,"href":"https:\/\/parkinsonnolimits.com\/it\/wp-json\/wp\/v2\/media\/6814"}],"wp:attachment":[{"href":"https:\/\/parkinsonnolimits.com\/it\/wp-json\/wp\/v2\/media?parent=6813"}],"wp:term":[{"taxonomy":"category","embeddable":true,"href":"https:\/\/parkinsonnolimits.com\/it\/wp-json\/wp\/v2\/categories?post=6813"},{"taxonomy":"post_tag","embeddable":true,"href":"https:\/\/parkinsonnolimits.com\/it\/wp-json\/wp\/v2\/tags?post=6813"}],"curies":[{"name":"wp","href":"https:\/\/api.w.org\/{rel}","templated":true}]}}